{"id":432,"date":"2020-05-26T21:13:01","date_gmt":"2020-05-26T21:13:01","guid":{"rendered":"https:\/\/cielofalso.tv\/2020\/05\/26\/alvaro-pena-a-copy-copy-5\/"},"modified":"2020-06-30T14:34:19","modified_gmt":"2020-06-30T14:34:19","slug":"martin-gubbins-1","status":"publish","type":"post","link":"https:\/\/cielofalso.tv\/en\/2020\/05\/26\/martin-gubbins-1\/","title":{"rendered":"Mart\u00edn Gubbins"},"content":{"rendered":"<div class=\"wpb-content-wrapper\"><section class=\"l-section wpb_row height_medium centrar\"><div class=\"l-section-h i-cf\"><div class=\"g-cols vc_row type_default valign_top\"><div class=\"vc_col-sm-12 wpb_column vc_column_container\"><div class=\"vc_column-inner\"><div class=\"wpb_wrapper\"><h1 class=\"w-post-elm post_title us_custom_5c4e9244 entry-title\" itemprop=\"headline\">Mart\u00edn Gubbins<\/h1><div class=\"w-post-elm post_custom_field type_text\">Verbicovisual - Entrevista<\/div><div class=\"w-separator size_medium\"><\/div><\/div><\/div><\/div><div class=\"vc_col-sm-6 wpb_column vc_column_container\"><div class=\"vc_column-inner\"><div class=\"wpb_wrapper\"><div class=\"wpb_text_column us_custom_1e0e9307\" ><div class=\"wpb_wrapper\"><p>Santiago, 1971. Poeta, artista, editor y rutero chileno. Tiene un Mag\u00edster en Literatura por la Universidad de Londres, estudios de arte y fotograf\u00eda en la Pontificia Universidad Cat\u00f3lica de Chile, y es abogado de la Universidad de Chile.<\/p>\n<p>Ha hecho recitales, performances y exposiciones individuales y colectivas en distintos pa\u00edses, y ha trabajado solo y en colaboraci\u00f3n con otros artistas, poetas y m\u00fasicos, por ejemplo como co fundador del Foro de Escritores.<\/p>\n<p>Es autor de numerosas de obras de poes\u00eda, poes\u00eda visual y sonora. Entre sus exposiciones individuales destacan \u201cCaminos Australes\u201d (Isabel Rosas Contemporary, Valpara\u00edso, 2019) y \u201cCuadernos de Composici\u00f3n\u201d (Museo de Arte Contempor\u00e1neo, Santiago, 2018). Entre casi una decena de publicaciones se encuentran los libros \u201cCaminos Australes\u201d, por Ediciones Impresionante (2019); \u201cAlfabeto\u201d (2017) y \u201cCuaderno de Composici\u00f3n\u201d (2014), ambos por Libros del Pez Espiral; el CD \u201cBastallaga\u201d, junto a Mart\u00edn Bakero (2011), y los libros \u201cFuentes del Derecho\u201d (2010) y \u201c\u00c1lbum\u201d (2005), ambos por Ediciones T\u00e1citas.<\/p>\n<p>Durante 2019 fue artista residente del \u00abN\u00facleo de Lenguaje y Creaci\u00f3n\u00bb de la Universidad de las Am\u00e9ricas en Santiago, donde desarroll\u00f3 una investigaci\u00f3n basada en pr\u00e1ctica que dio lugar a su proyecto Caminos Australes.<\/p>\n<p>Gran parte de su trabajo est\u00e1 disponible gratuitamente en <a href=\"http:\/\/www.martingubbins.cl\">www.martingubbins.cl<\/a><\/p>\n<\/div><\/div><div class=\"w-separator size_small\"><\/div><div class=\"w-btn-wrapper width_auto align_left\"><a class=\"w-btn us-btn-style_4\" href=\"#\" onclick=\"javascript:history.back()\"><span class=\"w-btn-label\">volver<\/span><\/a><\/div><\/div><\/div><\/div><div class=\"vc_col-sm-6 wpb_column vc_column_container\"><div class=\"vc_column-inner\"><div class=\"wpb_wrapper\"><div class=\"w-video align_left ratio_16x9\"><div class=\"w-video-h\"><iframe src=\"\/\/www.youtube.com\/embed\/rJQ0FEQYwco?autoplay=0&controls=1&origin=https%3A%2F%2Fcielofalso.tv\" allowfullscreen=\"1\"><\/iframe><\/div><div class=\"w-video-icon\" style=\"font-size:1.5rem;background:rgba(0,0,0,0.5);color:#fff;\"><\/div><\/div><\/div><\/div><\/div><\/div><\/div><\/section><section class=\"l-section wpb_row us_custom_f01a40a0 height_medium\"><div class=\"l-section-h i-cf\"><div class=\"g-cols vc_row type_default valign_top\"><div class=\"vc_col-sm-12 wpb_column vc_column_container\"><div class=\"vc_column-inner\"><div class=\"wpb_wrapper\"><div class=\"wpb_text_column us_custom_d1188e7b has_text_color\" ><div class=\"wpb_wrapper\"><p>Videos Relacionados<\/p>\n<\/div><\/div><div class=\"w-separator size_small\"><\/div><div class=\"w-grid type_grid layout_136 cols_3 ratio_16x9\" id=\"us_grid_1\" data-grid-filter=\"false\"><style id=\"us_grid_1_css\">#us_grid_1 .w-grid-item{padding:0.3rem}#us_grid_1 .w-grid-list{margin:-0.3rem}.w-grid + #us_grid_1 .w-grid-list{margin-top:0.3rem}@media (max-width:899px){#us_grid_1 .w-grid-item{width:50%}#us_grid_1 .w-grid-item.size_2x1,#us_grid_1 .w-grid-item.size_2x2{width:100%}}@media (max-width:599px){#us_grid_1 .w-grid-list{margin:0}#us_grid_1 .w-grid-item{width:100%;padding:0;margin-bottom:0.3rem}}<\/style><style>.layout_136 .w-grid-item-h:before{padding-bottom:56.2500%}@media (min-width:600px){.layout_136 .w-grid-item.size_1x2 .w-grid-item-h:before{padding-bottom:calc(112.5% + 0.3rem + 0.3rem)}.layout_136 .w-grid-item.size_2x1 .w-grid-item-h:before{padding-bottom:calc(28.125% - 0.3rem * 0.5625)}.layout_136 .w-grid-item.size_2x2 .w-grid-item-h:before{padding-bottom:calc(56.25% - 0.3rem * -0.875)}}.layout_136 .w-grid-item-h{}.layout_136 .usg_post_image_1{width:100%!important;height:100%!important;max-width:100%!important;max-height:100%!important;min-width:100%!important;min-height:100%!important}.layout_136 .usg_vwrapper_1{padding:0.4rem 1.5rem 3.5rem 0.4rem!important}.layout_136 .usg_post_title_1{color:#000000!important;font-size:1.8rem!important;line-height:1.4!important;margin-bottom:0px!important;padding-bottom:0px!important}.layout_136 .usg_post_custom_field_1{color:#000000!important;font-size:1.2rem!important}.layout_136 .usg_post_taxonomy_1{color:#000000!important;text-transform:uppercase!important;font-size:1.2rem!important;margin-bottom:0px!important;padding-bottom:0px!important}<\/style><div class=\"w-grid-list\" ><article class=\"w-grid-item size_1x1 post-492 post type-post status-publish format-standard has-post-thumbnail hentry category-entrevista category-temporada-2\" data-id=\"492\">\r\n\t<div class=\"w-grid-item-h\">\r\n\t\t\t\t\t<a class=\"w-grid-item-anchor\" href=\"https:\/\/cielofalso.tv\/en\/2020\/06\/01\/rodrigo-duenas-1\/\" rel=\"bookmark\" aria-label=\"Rodrigo Due\u00f1as\"><\/a>\r\n\t\t\t\t<div class=\"w-post-elm post_image usg_post_image_1 stretched has_width has_height imagenhov\"><img loading=\"lazy\" decoding=\"async\" width=\"516\" height=\"290\" src=\"https:\/\/cielofalso.tv\/wp-content\/uploads\/2020\/06\/Entrevista_CF_T2_C9-9.jpg\" class=\"attachment-large size-large wp-post-image\" alt=\"\" srcset=\"https:\/\/cielofalso.tv\/wp-content\/uploads\/2020\/06\/Entrevista_CF_T2_C9-9.jpg 516w, https:\/\/cielofalso.tv\/wp-content\/uploads\/2020\/06\/Entrevista_CF_T2_C9-9-300x169.jpg 300w, https:\/\/cielofalso.tv\/wp-content\/uploads\/2020\/06\/Entrevista_CF_T2_C9-9-133x75.jpg 133w, https:\/\/cielofalso.tv\/wp-content\/uploads\/2020\/06\/Entrevista_CF_T2_C9-9-71x40.jpg 71w\" sizes=\"auto, (max-width: 516px) 100vw, 516px\" \/><\/div><div class=\"w-vwrapper usg_vwrapper_1 align_left valign_middle\"><div class=\"w-post-elm post_taxonomy usg_post_taxonomy_1 style_simple color_link_inherit has_text_color\"><span>Entrevista<\/span>, <span>Temporada 2<\/span><\/div><h1 class=\"w-post-elm post_title usg_post_title_1 entry-title has_text_color\">Rodrigo Due\u00f1as<\/h1><div class=\"w-post-elm post_custom_field usg_post_custom_field_1 type_text has_text_color\">Necesitamos publicar<\/div><\/div>\t<\/div>\r\n<\/article>\r\n<article class=\"w-grid-item size_1x1 post-517 post type-post status-publish format-standard has-post-thumbnail hentry category-entrevista category-temporada-3\" data-id=\"517\">\r\n\t<div class=\"w-grid-item-h\">\r\n\t\t\t\t\t<a class=\"w-grid-item-anchor\" href=\"https:\/\/cielofalso.tv\/en\/2020\/06\/01\/pablo-rivera-2\/\" rel=\"bookmark\" aria-label=\"Pablo Rivera\"><\/a>\r\n\t\t\t\t<div class=\"w-post-elm post_image usg_post_image_1 stretched has_width has_height imagenhov\"><img loading=\"lazy\" decoding=\"async\" width=\"516\" height=\"290\" src=\"https:\/\/cielofalso.tv\/wp-content\/uploads\/2020\/06\/Entrevista_CF_T3_C2.jpg\" class=\"attachment-large size-large wp-post-image\" alt=\"\" srcset=\"https:\/\/cielofalso.tv\/wp-content\/uploads\/2020\/06\/Entrevista_CF_T3_C2.jpg 516w, https:\/\/cielofalso.tv\/wp-content\/uploads\/2020\/06\/Entrevista_CF_T3_C2-300x169.jpg 300w, https:\/\/cielofalso.tv\/wp-content\/uploads\/2020\/06\/Entrevista_CF_T3_C2-133x75.jpg 133w, https:\/\/cielofalso.tv\/wp-content\/uploads\/2020\/06\/Entrevista_CF_T3_C2-71x40.jpg 71w\" sizes=\"auto, (max-width: 516px) 100vw, 516px\" \/><\/div><div class=\"w-vwrapper usg_vwrapper_1 align_left valign_middle\"><div class=\"w-post-elm post_taxonomy usg_post_taxonomy_1 style_simple color_link_inherit has_text_color\"><span>Entrevista<\/span>, <span>Temporada 3<\/span><\/div><h1 class=\"w-post-elm post_title usg_post_title_1 entry-title has_text_color\">Pablo Rivera<\/h1><div class=\"w-post-elm post_custom_field usg_post_custom_field_1 type_text has_text_color\">Ni escultura ni arquitectura<\/div><\/div>\t<\/div>\r\n<\/article>\r\n<article class=\"w-grid-item size_1x1 post-405 post type-post status-publish format-standard has-post-thumbnail hentry category-entrevista category-temporada-1\" data-id=\"405\">\r\n\t<div class=\"w-grid-item-h\">\r\n\t\t\t\t\t<a class=\"w-grid-item-anchor\" href=\"https:\/\/cielofalso.tv\/en\/2020\/05\/26\/nicole-lhullier-2\/\" rel=\"bookmark\" aria-label=\"Nicole L`Hullier\"><\/a>\r\n\t\t\t\t<div class=\"w-post-elm post_image usg_post_image_1 stretched has_width has_height imagenhov\"><img loading=\"lazy\" decoding=\"async\" width=\"516\" height=\"290\" src=\"https:\/\/cielofalso.tv\/wp-content\/uploads\/2020\/05\/CF_T1_C4-4.jpg\" class=\"attachment-large size-large wp-post-image\" alt=\"\" srcset=\"https:\/\/cielofalso.tv\/wp-content\/uploads\/2020\/05\/CF_T1_C4-4.jpg 516w, https:\/\/cielofalso.tv\/wp-content\/uploads\/2020\/05\/CF_T1_C4-4-300x169.jpg 300w, https:\/\/cielofalso.tv\/wp-content\/uploads\/2020\/05\/CF_T1_C4-4-133x75.jpg 133w, https:\/\/cielofalso.tv\/wp-content\/uploads\/2020\/05\/CF_T1_C4-4-71x40.jpg 71w\" sizes=\"auto, (max-width: 516px) 100vw, 516px\" \/><\/div><div class=\"w-vwrapper usg_vwrapper_1 align_left valign_middle\"><div class=\"w-post-elm post_taxonomy usg_post_taxonomy_1 style_simple color_link_inherit has_text_color\"><span>Entrevista<\/span>, <span>Temporada 1<\/span><\/div><h1 class=\"w-post-elm post_title usg_post_title_1 entry-title has_text_color\">Nicole L`Hullier<\/h1><div class=\"w-post-elm post_custom_field usg_post_custom_field_1 type_text has_text_color\">Construyendo con sonido <\/div><\/div>\t<\/div>\r\n<\/article>\r\n<\/div><div class=\"w-grid-preloader\"><div class=\"g-preloader type_1\">\r\n\t<div><\/div>\r\n<\/div>\r\n<\/div>\t<div class=\"w-grid-json hidden\" onclick='return {&quot;action&quot;:&quot;us_ajax_grid&quot;,&quot;ajax_url&quot;:&quot;https:\\\/\\\/cielofalso.tv\\\/wp-admin\\\/admin-ajax.php&quot;,&quot;infinite_scroll&quot;:0,&quot;max_num_pages&quot;:1,&quot;pagination&quot;:&quot;none&quot;,&quot;permalink_url&quot;:&quot;https:\\\/\\\/cielofalso.tv\\\/en\\\/wp-json\\\/wp\\\/v2\\\/posts\\\/432&quot;,&quot;template_vars&quot;:{&quot;columns&quot;:&quot;3&quot;,&quot;exclude_items&quot;:&quot;none&quot;,&quot;img_size&quot;:&quot;default&quot;,&quot;items_layout&quot;:&quot;136&quot;,&quot;items_offset&quot;:&quot;1&quot;,&quot;overriding_link&quot;:&quot;post&quot;,&quot;post_id&quot;:432,&quot;query_args&quot;:{&quot;ignore_sticky_posts&quot;:1,&quot;post_type&quot;:&quot;any&quot;,&quot;post__in&quot;:[&quot;492&quot;,&quot;517&quot;,&quot;405&quot;],&quot;orderby&quot;:{&quot;post__in&quot;:&quot;ASC&quot;},&quot;posts_per_page&quot;:&quot;3&quot;},&quot;type&quot;:&quot;grid&quot;,&quot;us_grid_ajax_index&quot;:1,&quot;us_grid_filter_params&quot;:null,&quot;us_grid_index&quot;:1,&quot;_us_grid_post_type&quot;:&quot;ids&quot;}}'><\/div>\r\n<\/div><div class=\"w-separator size_medium\"><\/div><div class=\"w-image align_center\"><div class=\"w-image-h\"><img loading=\"lazy\" decoding=\"async\" width=\"448\" height=\"75\" src=\"https:\/\/cielofalso.tv\/wp-content\/uploads\/2020\/05\/logos.png\" class=\"attachment-us_600_75 size-us_600_75\" alt=\"\" srcset=\"https:\/\/cielofalso.tv\/wp-content\/uploads\/2020\/05\/logos.png 669w, https:\/\/cielofalso.tv\/wp-content\/uploads\/2020\/05\/logos-300x50.png 300w\" sizes=\"auto, (max-width: 448px) 100vw, 448px\" \/><\/div><\/div><\/div><\/div><\/div><\/div><\/div><\/section>\n<\/div>","protected":false},"excerpt":{"rendered":"Nicole L`HullierConstruyendo con sonido - EntrevistaArtista, m\u00fasico y arquitecta de Santiago, Chile. Actualmente vive en la Ciudad de Boston, donde cursa estudios de doctorado en el MediaLab del MIT, como parte del grupo de investigaci\u00f3n \u00abOpera of the Future\u00bb. Su trabajo explora la experiencia espacial, la percepci\u00f3n y la relaci\u00f3n entre el sonido y espacio....","protected":false},"author":1,"featured_media":482,"comment_status":"closed","ping_status":"closed","sticky":false,"template":"","format":"standard","meta":{"_acf_changed":false,"footnotes":""},"categories":[6,10],"tags":[],"class_list":["post-432","post","type-post","status-publish","format-standard","has-post-thumbnail","hentry","category-entrevista","category-temporada-2"],"acf":[],"_links":{"self":[{"href":"https:\/\/cielofalso.tv\/en\/wp-json\/wp\/v2\/posts\/432","targetHints":{"allow":["GET"]}}],"collection":[{"href":"https:\/\/cielofalso.tv\/en\/wp-json\/wp\/v2\/posts"}],"about":[{"href":"https:\/\/cielofalso.tv\/en\/wp-json\/wp\/v2\/types\/post"}],"author":[{"embeddable":true,"href":"https:\/\/cielofalso.tv\/en\/wp-json\/wp\/v2\/users\/1"}],"replies":[{"embeddable":true,"href":"https:\/\/cielofalso.tv\/en\/wp-json\/wp\/v2\/comments?post=432"}],"version-history":[{"count":5,"href":"https:\/\/cielofalso.tv\/en\/wp-json\/wp\/v2\/posts\/432\/revisions"}],"predecessor-version":[{"id":674,"href":"https:\/\/cielofalso.tv\/en\/wp-json\/wp\/v2\/posts\/432\/revisions\/674"}],"wp:featuredmedia":[{"embeddable":true,"href":"https:\/\/cielofalso.tv\/en\/wp-json\/wp\/v2\/media\/482"}],"wp:attachment":[{"href":"https:\/\/cielofalso.tv\/en\/wp-json\/wp\/v2\/media?parent=432"}],"wp:term":[{"taxonomy":"category","embeddable":true,"href":"https:\/\/cielofalso.tv\/en\/wp-json\/wp\/v2\/categories?post=432"},{"taxonomy":"post_tag","embeddable":true,"href":"https:\/\/cielofalso.tv\/en\/wp-json\/wp\/v2\/tags?post=432"}],"curies":[{"name":"wp","href":"https:\/\/api.w.org\/{rel}","templated":true}]}}